{"id":991,"date":"2020-12-29T21:54:31","date_gmt":"2020-12-29T20:54:31","guid":{"rendered":"http:\/\/edzacaire.fr\/?p=991"},"modified":"2020-12-29T21:54:31","modified_gmt":"2020-12-29T20:54:31","slug":"tous-nos-voeux-pour-2021","status":"publish","type":"post","link":"https:\/\/edzacaire.fr\/index.php\/2020\/12\/29\/tous-nos-voeux-pour-2021\/","title":{"rendered":"Tous nos voeux pour 2021"},"content":{"rendered":"\n<p>Les cours  ont repris normalement. Cette photo est un encouragement que nous partageons avec vous.<\/p>\n\n\n\n<figure class=\"wp-block-gallery columns-1 is-cropped wp-block-gallery-1 is-layout-flex wp-block-gallery-is-layout-flex\"><ul class=\"blocks-gallery-grid\"><li class=\"blocks-gallery-item\"><figure><img loading=\"lazy\" decoding=\"async\" width=\"1000\" height=\"750\" src=\"https:\/\/edzacaire.fr\/wp-content\/uploads\/2020\/12\/IMG-20201208-WA0000-Copie.jpg\" alt=\"\" data-id=\"992\" data-full-url=\"https:\/\/edzacaire.fr\/wp-content\/uploads\/2020\/12\/IMG-20201208-WA0000-Copie.jpg\" data-link=\"https:\/\/edzacaire.fr\/?attachment_id=992\" class=\"wp-image-992\" srcset=\"https:\/\/edzacaire.fr\/wp-content\/uploads\/2020\/12\/IMG-20201208-WA0000-Copie.jpg 1000w, https:\/\/edzacaire.fr\/wp-content\/uploads\/2020\/12\/IMG-20201208-WA0000-Copie-300x225.jpg 300w, https:\/\/edzacaire.fr\/wp-content\/uploads\/2020\/12\/IMG-20201208-WA0000-Copie-768x576.jpg 768w\" sizes=\"auto, (max-width: 709px) 85vw, (max-width: 909px) 67vw, (max-width: 1362px) 62vw, 840px\" \/><\/figure><\/li><\/ul><\/figure>\n\n\n\n<p>Elle vous apporte tous nos v\u0153ux amicaux pour 2021 que nous esp\u00e9rons le plus t\u00f4t possible, sans masque pour tous les habitants de la plan\u00e8te. <\/p>\n\n\n\n<p>                    Sant\u00e9,  joie et solidarit\u00e9 pour tous..<\/p>\n","protected":false},"excerpt":{"rendered":"<p>Les cours ont repris normalement. Cette photo est un encouragement que nous partageons avec vous. Elle vous apporte tous nos v\u0153ux amicaux pour 2021 que nous esp\u00e9rons le plus t\u00f4t possible, sans masque pour tous les habitants de la plan\u00e8te. Sant\u00e9, joie et solidarit\u00e9 pour tous..<\/p>\n","protected":false},"author":3,"featured_media":0,"comment_status":"closed","ping_status":"open","sticky":false,"template":"","format":"standard","meta":{"footnotes":""},"categories":[1],"tags":[],"class_list":["post-991","post","type-post","status-publish","format-standard","hentry","category-non-classe"],"_links":{"self":[{"href":"https:\/\/edzacaire.fr\/index.php\/wp-json\/wp\/v2\/posts\/991","targetHints":{"allow":["GET"]}}],"collection":[{"href":"https:\/\/edzacaire.fr\/index.php\/wp-json\/wp\/v2\/posts"}],"about":[{"href":"https:\/\/edzacaire.fr\/index.php\/wp-json\/wp\/v2\/types\/post"}],"author":[{"embeddable":true,"href":"https:\/\/edzacaire.fr\/index.php\/wp-json\/wp\/v2\/users\/3"}],"replies":[{"embeddable":true,"href":"https:\/\/edzacaire.fr\/index.php\/wp-json\/wp\/v2\/comments?post=991"}],"version-history":[{"count":1,"href":"https:\/\/edzacaire.fr\/index.php\/wp-json\/wp\/v2\/posts\/991\/revisions"}],"predecessor-version":[{"id":993,"href":"https:\/\/edzacaire.fr\/index.php\/wp-json\/wp\/v2\/posts\/991\/revisions\/993"}],"wp:attachment":[{"href":"https:\/\/edzacaire.fr\/index.php\/wp-json\/wp\/v2\/media?parent=991"}],"wp:term":[{"taxonomy":"category","embeddable":true,"href":"https:\/\/edzacaire.fr\/index.php\/wp-json\/wp\/v2\/categories?post=991"},{"taxonomy":"post_tag","embeddable":true,"href":"https:\/\/edzacaire.fr\/index.php\/wp-json\/wp\/v2\/tags?post=991"}],"curies":[{"name":"wp","href":"https:\/\/api.w.org\/{rel}","templated":true}]}}