{"id":860,"date":"2019-10-13T10:31:23","date_gmt":"2019-10-13T08:31:23","guid":{"rendered":"http:\/\/edzacaire.fr\/?p=860"},"modified":"2019-10-22T20:04:31","modified_gmt":"2019-10-22T18:04:31","slug":"mon-sejour-au-caire-sept-oct-2019","status":"publish","type":"post","link":"https:\/\/edzacaire.fr\/index.php\/2019\/10\/13\/mon-sejour-au-caire-sept-oct-2019\/","title":{"rendered":"Mon s\u00e9jour au Caire sept\/oct 2019"},"content":{"rendered":"\n<p>Lors de mon dernier s\u00e9jour au Caire,\nje suis all\u00e9e trois fois au Mokkatam et surtout nous avons pu, Risk, Romani,\nShehata et moi-m\u00eame&nbsp; faire le point sur\ntoutes les activit\u00e9s, les projets et les r\u00e9alit\u00e9s&nbsp;!!!En fait, beaucoup de\nbonnes nouvelles&nbsp;! beaucoup de choses se sont mises en place ou se\nconcr\u00e9tisent&nbsp;! <\/p>\n\n\n\n<p>Les 5 fillettes et le jeune gar\u00e7on qu\u2019EDZaCaire a pris en charge pour l\u2019ann\u00e9e scolaire\u2026.ont d\u00fb prendre le chemin de l\u2019\u00e9cole ( qui commen\u00e7ait en Egypte le 15 septembre). Nous avons aussi assum\u00e9 les uniformes ( obligatoires dans toutes les \u00e9coles \u00e9gyptiennes) et le transport pour les filles. Celles-ci sont inscrites \u00e0 l\u2019\u00e9cole Saint Joseph tenue par les s\u0153urs de Saint Vincent de Paul et seront prises de la maison&nbsp; et ramen\u00e9es \u00e0 la maison par le bus de l\u2019Association des chiffonniers. Le gar\u00e7onnet habite dans le quartier de l\u2019Ecole de S\u0153ur Emmanuelle o\u00f9 il est inscrit . Bonne route \u00e0 ces enfants&nbsp;! <\/p>\n\n\n\n<p>Nos amis chiffonniers souhaiteraient\nque nous multipliions ces scolarisations d\u2019enfants&nbsp;! <\/p>\n\n\n\n<figure class=\"wp-block-image is-resized\"><img loading=\"lazy\" decoding=\"async\" src=\"https:\/\/edzacaire.fr\/wp-content\/uploads\/2019\/10\/IMG_20170913_182557-1-1024x576.jpg\" alt=\"\" class=\"wp-image-873\" width=\"317\" height=\"178\"\/><\/figure>\n\n\n\n<p style=\"text-align:left\">Shehata, responsable de\nl\u2019alphab\u00e9tisation, souhaitait ouvrir un autre cours&nbsp;! il manquait un local\net un professeur&nbsp;! Le local a \u00e9t\u00e9 trouv\u00e9 et lou\u00e9 \u00e0 l\u2019Association des\nChiffonniers et l\u2019un des professeurs, d\u00e9j\u00e0 en exercice, assurera ce 3\u00e8me cours\nqui a commenc\u00e9 en septembre.<\/p>\n\n\n\n<p>Les micro-cr\u00e9dits fonctionnent tr\u00e8s\nbien&nbsp;! 9 sont termin\u00e9s et une vingtaine sont en cours. Les demandes de\nmicro-cr\u00e9dits sont tr\u00e8s vari\u00e9es&nbsp;! Beaucoup concernent des remboursements\nde dettes&nbsp;! il faut se rappeler que bien entendu les banques ne pr\u00eatent\npas d\u2019argent aux chiffonniers&nbsp;! et que ceux qui pr\u00eatent sont des usuriers\nqui demandent des taux d\u2019int\u00e9r\u00eat de 15 \u00e0 20%&#8230;..Aussi&nbsp; y-a-t-il des demandes de micro-cr\u00e9dits&nbsp; pour pr\u00e9parer un appartement, pour payer un\nmariage , pour ouvrir une petite \u00e9picerie, acheter la mati\u00e8re premi\u00e8re pour le\nrecyclage\u2026..Risk et Sh\u00e9hata veillent tr\u00e8s scrupuleusement aux remboursements et\nanalysent ensemble les demandes.<\/p>\n\n\n\n<p style=\"text-align:left\">Le jardin d\u2019enfants a r\u00e9ouvert ses\nportes \u2026.apr\u00e8s un d\u00e9m\u00e9nagement et des travaux divers \u00e0 l\u2019int\u00e9rieur comme \u00e0\nl\u2019ext\u00e9rieur&nbsp;! l\u2019aire de jeux est en passe d\u2019\u00eatre termin\u00e9e&nbsp;! on esp\u00e8re\nque les enfants vont y venir nombreux&nbsp;! EdzaCaire a particip\u00e9 \u00e0\nl\u2019am\u00e9nagement de l\u2019aire de jeux et assure les indemnit\u00e9s d\u2019une des monitrices.<\/p>\n\n\n\n<p>Bient\u00f4t Elisabeth et Martine vont\npartir au Caire et reviendront sans doute avec d\u2019autres bonnes\nnouvelles&nbsp;!!!<\/p>\n\n\n\n<p>&nbsp;&nbsp;&nbsp;&nbsp;&nbsp;&nbsp;&nbsp;&nbsp;&nbsp;&nbsp;&nbsp;&nbsp;&nbsp;&nbsp;&nbsp;&nbsp;&nbsp;&nbsp;&nbsp;&nbsp;&nbsp;&nbsp;&nbsp;&nbsp;&nbsp;&nbsp;&nbsp;&nbsp;&nbsp;&nbsp;&nbsp;&nbsp;&nbsp;&nbsp;&nbsp;&nbsp;&nbsp;&nbsp;&nbsp;&nbsp;&nbsp;&nbsp;&nbsp;&nbsp;&nbsp;&nbsp;&nbsp;&nbsp;&nbsp;&nbsp;&nbsp;&nbsp;&nbsp;&nbsp;&nbsp;&nbsp;&nbsp;&nbsp;&nbsp;&nbsp;&nbsp;&nbsp;&nbsp;&nbsp;&nbsp; Marie-France<\/p>\n","protected":false},"excerpt":{"rendered":"<p>Lors de mon dernier s\u00e9jour au Caire, je suis all\u00e9e trois fois au Mokkatam et surtout nous avons pu, Risk, Romani, Shehata et moi-m\u00eame&nbsp; faire le point sur toutes les activit\u00e9s, les projets et les r\u00e9alit\u00e9s&nbsp;!!!En fait, beaucoup de bonnes nouvelles&nbsp;! beaucoup de choses se sont mises en place ou se concr\u00e9tisent&nbsp;! Les 5 fillettes &hellip; <a href=\"https:\/\/edzacaire.fr\/index.php\/2019\/10\/13\/mon-sejour-au-caire-sept-oct-2019\/\" class=\"more-link\">Continuer la lecture<span class=\"screen-reader-text\"> de &laquo;&nbsp;Mon s\u00e9jour au Caire sept\/oct 2019&nbsp;&raquo;<\/span><\/a><\/p>\n","protected":false},"author":3,"featured_media":0,"comment_status":"closed","ping_status":"open","sticky":false,"template":"","format":"standard","meta":{"footnotes":""},"categories":[1],"tags":[],"class_list":["post-860","post","type-post","status-publish","format-standard","hentry","category-non-classe"],"_links":{"self":[{"href":"https:\/\/edzacaire.fr\/index.php\/wp-json\/wp\/v2\/posts\/860","targetHints":{"allow":["GET"]}}],"collection":[{"href":"https:\/\/edzacaire.fr\/index.php\/wp-json\/wp\/v2\/posts"}],"about":[{"href":"https:\/\/edzacaire.fr\/index.php\/wp-json\/wp\/v2\/types\/post"}],"author":[{"embeddable":true,"href":"https:\/\/edzacaire.fr\/index.php\/wp-json\/wp\/v2\/users\/3"}],"replies":[{"embeddable":true,"href":"https:\/\/edzacaire.fr\/index.php\/wp-json\/wp\/v2\/comments?post=860"}],"version-history":[{"count":3,"href":"https:\/\/edzacaire.fr\/index.php\/wp-json\/wp\/v2\/posts\/860\/revisions"}],"predecessor-version":[{"id":876,"href":"https:\/\/edzacaire.fr\/index.php\/wp-json\/wp\/v2\/posts\/860\/revisions\/876"}],"wp:attachment":[{"href":"https:\/\/edzacaire.fr\/index.php\/wp-json\/wp\/v2\/media?parent=860"}],"wp:term":[{"taxonomy":"category","embeddable":true,"href":"https:\/\/edzacaire.fr\/index.php\/wp-json\/wp\/v2\/categories?post=860"},{"taxonomy":"post_tag","embeddable":true,"href":"https:\/\/edzacaire.fr\/index.php\/wp-json\/wp\/v2\/tags?post=860"}],"curies":[{"name":"wp","href":"https:\/\/api.w.org\/{rel}","templated":true}]}}