{"id":813,"date":"2019-07-06T16:52:41","date_gmt":"2019-07-06T14:52:41","guid":{"rendered":"http:\/\/edzacaire.fr\/?p=813"},"modified":"2019-07-06T16:52:41","modified_gmt":"2019-07-06T14:52:41","slug":"le-nouveau-jardin-denfants","status":"publish","type":"post","link":"https:\/\/edzacaire.fr\/index.php\/2019\/07\/06\/le-nouveau-jardin-denfants\/","title":{"rendered":"Le nouveau jardin d&rsquo;enfants"},"content":{"rendered":"\n<p>\n\n\n\n\n\n\n\n\n\n\n\n\n\n\n\n\n\n\nDes\nchangements pour LE JARDIN D&rsquo;ENFANTS. Pour des questions de s\u00e9curit\u00e9, l&rsquo;\u00e9tat\nexige que le jardin d&rsquo;enfants \u00e9migre au rez-de chauss\u00e9e&#8230;avec la cuisine. Il a\ndonc fallu pr\u00e9parer le changement de niveau! Les peintures ont \u00e9t\u00e9 faites, les\nclasses ont \u00e9t\u00e9 d\u00e9cor\u00e9es; la plomberie a \u00e9t\u00e9 refaite et les installations\nsanitaires adapt\u00e9es aux petits ont \u00e9t\u00e9 pos\u00e9es\n\n\n\n<\/p>\n\n\n\n<div class=\"wp-block-image\"><figure class=\"aligncenter is-resized\"><img loading=\"lazy\" decoding=\"async\" src=\"https:\/\/edzacaire.fr\/wp-content\/uploads\/2019\/07\/IMG-20190704-WA0003-1024x473.jpg\" alt=\"\" class=\"wp-image-816\" width=\"330\" height=\"152\" srcset=\"https:\/\/edzacaire.fr\/wp-content\/uploads\/2019\/07\/IMG-20190704-WA0003-1024x473.jpg 1024w, https:\/\/edzacaire.fr\/wp-content\/uploads\/2019\/07\/IMG-20190704-WA0003-300x139.jpg 300w, https:\/\/edzacaire.fr\/wp-content\/uploads\/2019\/07\/IMG-20190704-WA0003-768x355.jpg 768w, https:\/\/edzacaire.fr\/wp-content\/uploads\/2019\/07\/IMG-20190704-WA0003.jpg 1152w\" sizes=\"auto, (max-width: 330px) 85vw, 330px\" \/><\/figure><\/div>\n\n\n\n<div class=\"wp-block-media-text alignwide has-media-on-the-right\"><figure class=\"wp-block-media-text__media\"><img loading=\"lazy\" decoding=\"async\" width=\"1024\" height=\"473\" src=\"https:\/\/edzacaire.fr\/wp-content\/uploads\/2019\/07\/IMG-20190704-WA0001-1024x473.jpg\" alt=\"\" class=\"wp-image-815\" srcset=\"https:\/\/edzacaire.fr\/wp-content\/uploads\/2019\/07\/IMG-20190704-WA0001-1024x473.jpg 1024w, https:\/\/edzacaire.fr\/wp-content\/uploads\/2019\/07\/IMG-20190704-WA0001-300x139.jpg 300w, https:\/\/edzacaire.fr\/wp-content\/uploads\/2019\/07\/IMG-20190704-WA0001-768x355.jpg 768w, https:\/\/edzacaire.fr\/wp-content\/uploads\/2019\/07\/IMG-20190704-WA0001.jpg 1152w\" sizes=\"auto, (max-width: 709px) 85vw, (max-width: 909px) 67vw, (max-width: 1362px) 62vw, 840px\" \/><\/figure><div class=\"wp-block-media-text__content\">\n<p>Les travaux sont termin\u00e9s et les enfants sont  maintenant dans leurs nouvelles classes .<\/p>\n\n\n\n<p class=\"has-large-font-size\"><br><\/p>\n<\/div><\/div>\n","protected":false},"excerpt":{"rendered":"<p>Des changements pour LE JARDIN D&rsquo;ENFANTS. Pour des questions de s\u00e9curit\u00e9, l&rsquo;\u00e9tat exige que le jardin d&rsquo;enfants \u00e9migre au rez-de chauss\u00e9e&#8230;avec la cuisine. Il a donc fallu pr\u00e9parer le changement de niveau! Les peintures ont \u00e9t\u00e9 faites, les classes ont \u00e9t\u00e9 d\u00e9cor\u00e9es; la plomberie a \u00e9t\u00e9 refaite et les installations sanitaires adapt\u00e9es aux petits ont &hellip; <a href=\"https:\/\/edzacaire.fr\/index.php\/2019\/07\/06\/le-nouveau-jardin-denfants\/\" class=\"more-link\">Continuer la lecture<span class=\"screen-reader-text\"> de &laquo;&nbsp;Le nouveau jardin d&rsquo;enfants&nbsp;&raquo;<\/span><\/a><\/p>\n","protected":false},"author":3,"featured_media":0,"comment_status":"closed","ping_status":"open","sticky":false,"template":"","format":"standard","meta":{"footnotes":""},"categories":[1],"tags":[],"class_list":["post-813","post","type-post","status-publish","format-standard","hentry","category-non-classe"],"_links":{"self":[{"href":"https:\/\/edzacaire.fr\/index.php\/wp-json\/wp\/v2\/posts\/813","targetHints":{"allow":["GET"]}}],"collection":[{"href":"https:\/\/edzacaire.fr\/index.php\/wp-json\/wp\/v2\/posts"}],"about":[{"href":"https:\/\/edzacaire.fr\/index.php\/wp-json\/wp\/v2\/types\/post"}],"author":[{"embeddable":true,"href":"https:\/\/edzacaire.fr\/index.php\/wp-json\/wp\/v2\/users\/3"}],"replies":[{"embeddable":true,"href":"https:\/\/edzacaire.fr\/index.php\/wp-json\/wp\/v2\/comments?post=813"}],"version-history":[{"count":4,"href":"https:\/\/edzacaire.fr\/index.php\/wp-json\/wp\/v2\/posts\/813\/revisions"}],"predecessor-version":[{"id":820,"href":"https:\/\/edzacaire.fr\/index.php\/wp-json\/wp\/v2\/posts\/813\/revisions\/820"}],"wp:attachment":[{"href":"https:\/\/edzacaire.fr\/index.php\/wp-json\/wp\/v2\/media?parent=813"}],"wp:term":[{"taxonomy":"category","embeddable":true,"href":"https:\/\/edzacaire.fr\/index.php\/wp-json\/wp\/v2\/categories?post=813"},{"taxonomy":"post_tag","embeddable":true,"href":"https:\/\/edzacaire.fr\/index.php\/wp-json\/wp\/v2\/tags?post=813"}],"curies":[{"name":"wp","href":"https:\/\/api.w.org\/{rel}","templated":true}]}}