{"id":795,"date":"2019-05-22T11:44:56","date_gmt":"2019-05-22T09:44:56","guid":{"rendered":"http:\/\/edzacaire.fr\/?p=795"},"modified":"2019-05-22T11:44:56","modified_gmt":"2019-05-22T09:44:56","slug":"nouvelles-du-caire","status":"publish","type":"post","link":"https:\/\/edzacaire.fr\/index.php\/2019\/05\/22\/nouvelles-du-caire\/","title":{"rendered":"Nouvelles du Caire"},"content":{"rendered":"\n<p style=\"font-size:-2px\"> Marie France, Vice Pr\u00e9sidente de l&rsquo;association est actuellement au Caire. Une premi\u00e8re r\u00e9union avec nos partenaires a eu lieu pour faire le point des projets&#8230;Nos amis sont tr\u00e8s actifs.<\/p>\n\n\n\n<p style=\"font-size:-3px\"><strong>Le jardin d&rsquo;enfants<\/strong>  \u00e9tait log\u00e9 au 1er \u00e9tage du b\u00e2timent.  Sur demande du gouvernement,  pour des raisons de s\u00e9curit\u00e9, il va \u00eatre d\u00e9m\u00e9nag\u00e9 au rez de chauss\u00e9e.  Les travaux sont en cours. <\/p>\n\n\n\n<p><strong>Les cours d&rsquo;alphab\u00e9tisation<\/strong> : 4 femmes ont pass\u00e9 avec succ\u00e8s l&rsquo;examen d&rsquo;\u00e9tat.  Nos amis cherchent activement un autre lieu, pour ouvrir un cours suppl\u00e9mentaire.<\/p>\n\n\n\n<p><strong>Les micro-cr\u00e9dits: <\/strong>Il  y a en a 15 en cours en ce moment au taux de 5%. Ils sont  suivis par Rizq et Shehata. (Les taux pratiqu\u00e9s ailleurs peuvent aller jusqu&rsquo;\u00e0 25%.)<\/p>\n\n\n\n<p><strong>La scolarit\u00e9 des fillettes.<\/strong> Marie France est all\u00e9e, avec Shehata et Risq \u00e0 l&rsquo;\u00e9cole St Vincent de Paul pour voir les possibilit\u00e9s d&rsquo;inscription de 4 fillettes. Ils ont propos\u00e9 aussi l&rsquo;inscription d&rsquo;un petit gar\u00e7on dans une autre \u00e9cole. A suivre&#8230;<\/p>\n\n\n\n<p>Dans notre prochain bulletin nous donnerons des informations plus compl\u00e8tes.<\/p>\n\n\n\n<p><\/p>\n","protected":false},"excerpt":{"rendered":"<p>Marie France, Vice Pr\u00e9sidente de l&rsquo;association est actuellement au Caire. Une premi\u00e8re r\u00e9union avec nos partenaires a eu lieu pour faire le point des projets&#8230;Nos amis sont tr\u00e8s actifs. Le jardin d&rsquo;enfants \u00e9tait log\u00e9 au 1er \u00e9tage du b\u00e2timent. Sur demande du gouvernement, pour des raisons de s\u00e9curit\u00e9, il va \u00eatre d\u00e9m\u00e9nag\u00e9 au rez de &hellip; <a href=\"https:\/\/edzacaire.fr\/index.php\/2019\/05\/22\/nouvelles-du-caire\/\" class=\"more-link\">Continuer la lecture<span class=\"screen-reader-text\"> de &laquo;&nbsp;Nouvelles du Caire&nbsp;&raquo;<\/span><\/a><\/p>\n","protected":false},"author":3,"featured_media":0,"comment_status":"closed","ping_status":"open","sticky":false,"template":"","format":"standard","meta":{"footnotes":""},"categories":[1],"tags":[],"class_list":["post-795","post","type-post","status-publish","format-standard","hentry","category-non-classe"],"_links":{"self":[{"href":"https:\/\/edzacaire.fr\/index.php\/wp-json\/wp\/v2\/posts\/795","targetHints":{"allow":["GET"]}}],"collection":[{"href":"https:\/\/edzacaire.fr\/index.php\/wp-json\/wp\/v2\/posts"}],"about":[{"href":"https:\/\/edzacaire.fr\/index.php\/wp-json\/wp\/v2\/types\/post"}],"author":[{"embeddable":true,"href":"https:\/\/edzacaire.fr\/index.php\/wp-json\/wp\/v2\/users\/3"}],"replies":[{"embeddable":true,"href":"https:\/\/edzacaire.fr\/index.php\/wp-json\/wp\/v2\/comments?post=795"}],"version-history":[{"count":3,"href":"https:\/\/edzacaire.fr\/index.php\/wp-json\/wp\/v2\/posts\/795\/revisions"}],"predecessor-version":[{"id":798,"href":"https:\/\/edzacaire.fr\/index.php\/wp-json\/wp\/v2\/posts\/795\/revisions\/798"}],"wp:attachment":[{"href":"https:\/\/edzacaire.fr\/index.php\/wp-json\/wp\/v2\/media?parent=795"}],"wp:term":[{"taxonomy":"category","embeddable":true,"href":"https:\/\/edzacaire.fr\/index.php\/wp-json\/wp\/v2\/categories?post=795"},{"taxonomy":"post_tag","embeddable":true,"href":"https:\/\/edzacaire.fr\/index.php\/wp-json\/wp\/v2\/tags?post=795"}],"curies":[{"name":"wp","href":"https:\/\/api.w.org\/{rel}","templated":true}]}}